{"id":2913,"date":"2022-11-27T14:55:32","date_gmt":"2022-11-27T12:55:32","guid":{"rendered":"https:\/\/www.peegeldaja.ee\/?p=2913"},"modified":"2022-11-27T14:55:32","modified_gmt":"2022-11-27T12:55:32","slug":"katkend-freyalugu-koolitaja","status":"publish","type":"post","link":"https:\/\/peegeldaja.ee\/en\/katkend-freyalugu-koolitaja\/","title":{"rendered":"Katkend &#8220;Freyalugu&#8221;. Koolitaja"},"content":{"rendered":"<p>\u201eMa tahaksin k\u00f5igepealt teada, kuidas sul koolis l\u00e4heb?\u201d<\/p>\n\n\n\n<p>\u201eAah,\u201d vastasin \u00fcllatunult, \u201eSee on \u00f5ige k\u00fcsimus, sest hetkel olen ma \u00fcsna n\u00f5utu. Teadmatuses, sest ma olen l\u00f5petanud \u00f5petamise teatud etapi ja miski peaks nagu j\u00e4rgnema. Aga ma ei ole kindel, kas minu \u00f5pilased minule j\u00e4rgnevad. Nad ei ole mulle sellest kuidagi m\u00e4rku andnud. Mu s\u00fcda valutab, v\u00f5ibolla on midagi valesti l\u00e4inud. Olen kuidagi valesti k\u00e4itunud. Midagi kohatut \u00f6elnud. Kohatut selles m\u00f5ttes, et ma olen neile oma tahet ja arvamust peale surunud. Igal juhul vaikus on. See kohutab ja madaldab mind! Ma ei saa rahu.\u201d<\/p>\n\n\n\n<p>Ella t\u00f5mbas hinge ja vaatas mind armastavalt.<\/p>\n\n\n\n<p>\u201eK\u00f5ik on h\u00e4sti Freya! Sinu koolitus on l\u00e4inud t\u00e4pselt nii nagu sa plaanisid. L\u00e4inud t\u00e4pselt nii nagu \u00fcks koolitus minema peab, millel on algus, puhang, edasiviimine, innustamine, osav\u00f5tlikkus ja l\u00f5petamine. Mis k\u00f5ige olulisem &#8211; sa valmistasid iga tunni ette vahetult enne seda, kui sa seda edastama hakkasid\u201d<\/p>\n\n\n\n<p>\u201eJah, ma tean seda , aga see on seotud minu jubeda kiirustamisega. Viimasel hetkel, kui ma pean \u00f5pilaste ette astuma &#8211; teen ma seda k\u00e4igupealt. Ettevalmistus ei ole l\u00f5petatudki, poole pealt astun \u00f5pilaste ette. Ma tean, et peaks vahe vahel olema. Peaks looduses k\u00e4ima, rahunema ja siis v\u00e4rskelt alustama. Aga nagu ikka j\u00e4\u00e4n ma alati ajah\u00e4tta!\u201d<\/p>\n\n\n\n<p>\u201eAeg, Freya, aeg! Aeg v\u00f5ib olla kaks sekundit v\u00f5i viis minutit. Aeg on ka see kui sa suundud \u00f5pilaste ette. See on ka aeg. Kas sa usud seejuures, et on m\u00f6\u00f6dunud p\u00e4ev v\u00f5i tund v\u00f5i viis minutit &#8211; see on \u00fcks ja sama. Ja see on sinulik, sa oled selline. K\u00f5ik, mida sa edasi pead tegama tulevad sulle j\u00e4rjekorras tegutsedes meelde. <em>Go on<\/em>, Freya! <em>Go on<\/em>!<\/p>\n\n\n\n<p>\u201eJaa, seda k\u00fcll, aga kuidagi nii hirm on.\u201d<\/p>\n\n\n\n<p>\u201eMm, aga pole midagi teha! V\u00f5ta see hirm vastu. Las ta olla. Eks hirm ole ka elu \u00fcks osa. V\u00f5ta oma Jokker vastu.\u201d<\/p>","protected":false},"excerpt":{"rendered":"<p>\u201eMa tahaksin k\u00f5igepealt teada, kuidas sul koolis l\u00e4heb?\u201d \u201eAah,\u201d vastasin \u00fcllatunult, \u201eSee on \u00f5ige k\u00fcsimus, sest hetkel olen ma \u00fcsna n\u00f5utu. Teadmatuses, sest ma olen l\u00f5petanud \u00f5petamise teatud etapi ja miski peaks nagu j\u00e4rgnema. Aga ma ei ole kindel, kas minu \u00f5pilased minule j\u00e4rgnevad. Nad ei ole mulle sellest kuidagi m\u00e4rku andnud. Mu s\u00fcda valutab, [&hellip;]<\/p>","protected":false},"author":1,"featured_media":0,"comment_status":"closed","ping_status":"","sticky":false,"template":"","format":"standard","meta":{"footnotes":""},"categories":[21],"tags":[],"class_list":["post-2913","post","type-post","status-publish","format-standard","hentry","category-motteterad"],"_links":{"self":[{"href":"https:\/\/peegeldaja.ee\/en\/wp-json\/wp\/v2\/posts\/2913","targetHints":{"allow":["GET"]}}],"collection":[{"href":"https:\/\/peegeldaja.ee\/en\/wp-json\/wp\/v2\/posts"}],"about":[{"href":"https:\/\/peegeldaja.ee\/en\/wp-json\/wp\/v2\/types\/post"}],"author":[{"embeddable":true,"href":"https:\/\/peegeldaja.ee\/en\/wp-json\/wp\/v2\/users\/1"}],"replies":[{"embeddable":true,"href":"https:\/\/peegeldaja.ee\/en\/wp-json\/wp\/v2\/comments?post=2913"}],"version-history":[{"count":0,"href":"https:\/\/peegeldaja.ee\/en\/wp-json\/wp\/v2\/posts\/2913\/revisions"}],"wp:attachment":[{"href":"https:\/\/peegeldaja.ee\/en\/wp-json\/wp\/v2\/media?parent=2913"}],"wp:term":[{"taxonomy":"category","embeddable":true,"href":"https:\/\/peegeldaja.ee\/en\/wp-json\/wp\/v2\/categories?post=2913"},{"taxonomy":"post_tag","embeddable":true,"href":"https:\/\/peegeldaja.ee\/en\/wp-json\/wp\/v2\/tags?post=2913"}],"curies":[{"name":"wp","href":"https:\/\/api.w.org\/{rel}","templated":true}]}}